{"id":4519,"date":"2025-04-21T21:07:32","date_gmt":"2025-04-22T00:07:32","guid":{"rendered":"https:\/\/elobservadorsl.com\/?p=4519"},"modified":"2025-04-21T21:07:32","modified_gmt":"2025-04-22T00:07:32","slug":"murio-el-papa-argento","status":"publish","type":"post","link":"https:\/\/elobservadorsl.com\/?p=4519","title":{"rendered":"Muri\u00f3 el Papa ARGENTO"},"content":{"rendered":"<hr class=\"\" data-start=\"150\" data-end=\"153\" \/>\n<h3 class=\"\" data-start=\"155\" data-end=\"276\"><em data-start=\"159\" data-end=\"276\">En el cielo, Diego, la Tota, Don Diego y Francisco alientan a Lionel\u2026 mientras abajo la hipocres\u00eda se viste de luto<\/em><\/h3>\n<p class=\"\" data-start=\"278\" data-end=\"303\">\n<p class=\"\" data-start=\"305\" data-end=\"726\">Desde alg\u00fan palco VIP en el cielo \u2013que seguramente Diego se gan\u00f3 por puntos, no por conducta\u2013, lo vemos. Est\u00e1 con la camiseta argentina puesta (la original, no esa que venden trucha en la calle Florida), con Don Diego de un lado, la Tota del otro, y, c\u00f3mo no, Francisco, el primer Papa americano y argentino, que no lleg\u00f3 en fumata blanca sino desde Villa Devoto, con una pelota bajo el brazo y olor a estofado de abuela.<\/p>\n<p class=\"\" data-start=\"728\" data-end=\"939\">Y est\u00e1n todos ah\u00ed, alentando a Messi. Porque aunque muchos de los que hoy se rompen la garganta en tribunas virtuales se olvidan r\u00e1pido, la historia \u2013la de verdad, no la editada en redes sociales\u2013 tiene memoria.<\/p>\n<p class=\"\" data-start=\"941\" data-end=\"1388\">Hoy, la sociedad argentina vuelve a hacer lo que mejor le sale: llorar al que destruy\u00f3 ayer. Se fue el hombre m\u00e1s importante del mundo occidental en lo que va del siglo \u2013y no, no estamos exagerando, no esta vez. <em data-start=\"1153\" data-end=\"1162\">El Papa<\/em>. Jorge Mario Bergoglio. El mismo que fue ninguneado, criticado, caricaturizado y hasta acusado de ser \u00abel jefe de la oposici\u00f3n\u00bb por la misma clase pol\u00edtica y period\u00edstica que ahora har\u00e1 cola para declararse su \u201camigo \u00edntimo\u201d.<\/p>\n<p class=\"\" data-start=\"1390\" data-end=\"1755\">Y s\u00ed, ahora vienen los tuits sentidos, las columnas lacrim\u00f3genas, los homenajes de ocasi\u00f3n, las misas de \u00faltima hora. Todos descubriendo s\u00fabitamente que el tipo que viv\u00eda en Santa Marta, que andaba en un Fiat Panda y que hablaba de los pobres como si no fueran un n\u00famero m\u00e1s del INDEC, era un gigante moral. Un l\u00edder espiritual. <em data-start=\"1719\" data-end=\"1733\">Un argentino<\/em>. Tarde, como siempre.<\/p>\n<p class=\"\" data-start=\"1757\" data-end=\"2051\">Pero all\u00e1 arriba no hay rencor. Hay f\u00fatbol, hay familia y hay memoria verdadera. Diego le pasa el brazo a Francisco y le dice: <em data-start=\"1884\" data-end=\"1954\">\u201c\u00bfViste c\u00f3mo son estos? Primero te crucifican, despu\u00e9s te canonizan\u201d<\/em>. Y el Papa, sin mitra ni protocolo, le responde: <em data-start=\"2004\" data-end=\"2050\">\u201cBienaventurados los que bancaron de verdad\u201d<\/em>.<\/p>\n<p class=\"\" data-start=\"2053\" data-end=\"2257\">Mientras tanto, abajo, los mismos que lo ignoraron ahora lo ensalzan. Los que se burlaron de su humildad hoy le dedican editoriales de tres carillas. Los que lo llamaron populista ahora lo llaman profeta.<\/p>\n<p class=\"\" data-start=\"2259\" data-end=\"2464\">Y as\u00ed funciona esta sociedad enferma, que le teme al espejo m\u00e1s que al abismo. Capaz de enterrar con honores a los que mat\u00f3 con indiferencia. Porque en la Argentina, la coherencia cotiza menos que el peso.<\/p>\n<p data-start=\"2259\" data-end=\"2464\"><img loading=\"lazy\" decoding=\"async\" class=\" wp-image-4512 alignleft\" src=\"https:\/\/i0.wp.com\/elobservadorsl.com\/wp-content\/uploads\/2025\/04\/Maradona-Papa-Francisco-750x480-1.webp?resize=640%2C410\" alt=\"\" width=\"640\" height=\"410\" srcset=\"https:\/\/i0.wp.com\/elobservadorsl.com\/wp-content\/uploads\/2025\/04\/Maradona-Papa-Francisco-750x480-1.webp?resize=300%2C192&amp;ssl=1 300w, https:\/\/i0.wp.com\/elobservadorsl.com\/wp-content\/uploads\/2025\/04\/Maradona-Papa-Francisco-750x480-1.webp?w=750&amp;ssl=1 750w\" sizes=\"(max-width: 640px) 100vw, 640px\" data-recalc-dims=\"1\" \/><\/p>\n","protected":false},"excerpt":{"rendered":"<p>En el cielo, Diego, la Tota, Don Diego y Francisco alientan a Lionel\u2026 mientras abajo&#8230;<\/p>\n","protected":false},"author":9,"featured_media":0,"comment_status":"closed","ping_status":"open","sticky":false,"template":"","format":"standard","meta":{"_jetpack_memberships_contains_paid_content":false,"footnotes":"","jetpack_publicize_message":"","jetpack_publicize_feature_enabled":true,"jetpack_social_post_already_shared":true,"jetpack_social_options":{"image_generator_settings":{"template":"highway","enabled":false}}},"categories":[24],"tags":[],"jetpack_publicize_connections":[],"featured_image_urls":{"full":"","thumbnail":"","medium":"","medium_large":"","large":"","1536x1536":"","2048x2048":"","newsium-slider-full":"","newsium-featured":"","newsium-medium":""},"author_info":{"display_name":"Prensa","author_link":"https:\/\/elobservadorsl.com\/?author=9"},"category_info":"<a href=\"https:\/\/elobservadorsl.com\/?cat=24\" rel=\"category\">Noticias<\/a>","tag_info":"Noticias","comment_count":"0","jetpack_featured_media_url":"","jetpack_sharing_enabled":true,"jetpack_likes_enabled":true,"_links":{"self":[{"href":"https:\/\/elobservadorsl.com\/index.php?rest_route=\/wp\/v2\/posts\/4519"}],"collection":[{"href":"https:\/\/elobservadorsl.com\/index.php?rest_route=\/wp\/v2\/posts"}],"about":[{"href":"https:\/\/elobservadorsl.com\/index.php?rest_route=\/wp\/v2\/types\/post"}],"author":[{"embeddable":true,"href":"https:\/\/elobservadorsl.com\/index.php?rest_route=\/wp\/v2\/users\/9"}],"replies":[{"embeddable":true,"href":"https:\/\/elobservadorsl.com\/index.php?rest_route=%2Fwp%2Fv2%2Fcomments&post=4519"}],"version-history":[{"count":1,"href":"https:\/\/elobservadorsl.com\/index.php?rest_route=\/wp\/v2\/posts\/4519\/revisions"}],"predecessor-version":[{"id":4520,"href":"https:\/\/elobservadorsl.com\/index.php?rest_route=\/wp\/v2\/posts\/4519\/revisions\/4520"}],"wp:attachment":[{"href":"https:\/\/elobservadorsl.com\/index.php?rest_route=%2Fwp%2Fv2%2Fmedia&parent=4519"}],"wp:term":[{"taxonomy":"category","embeddable":true,"href":"https:\/\/elobservadorsl.com\/index.php?rest_route=%2Fwp%2Fv2%2Fcategories&post=4519"},{"taxonomy":"post_tag","embeddable":true,"href":"https:\/\/elobservadorsl.com\/index.php?rest_route=%2Fwp%2Fv2%2Ftags&post=4519"}],"curies":[{"name":"wp","href":"https:\/\/api.w.org\/{rel}","templated":true}]}}