{"id":4502,"date":"2025-04-14T21:25:39","date_gmt":"2025-04-15T00:25:39","guid":{"rendered":"https:\/\/elobservadorsl.com\/?p=4502"},"modified":"2025-04-14T21:25:39","modified_gmt":"2025-04-15T00:25:39","slug":"ya-tenemos-constituyentes","status":"publish","type":"post","link":"https:\/\/elobservadorsl.com\/?p=4502","title":{"rendered":"Ya tenemos constituyentes"},"content":{"rendered":"<h1 data-start=\"193\" data-end=\"298\"><strong data-start=\"197\" data-end=\"298\">Esl\u00f3ganes vac\u00edos para cambiar una Constituci\u00f3n que nadie pidi\u00f3 cambiar<\/strong><\/h1>\n<p class=\"\" data-start=\"300\" data-end=\"536\"><strong data-start=\"300\" data-end=\"536\">Mientras el pa\u00eds lidia con crisis reales \u2014econ\u00f3micas, sociales, de seguridad\u2014 una elite pol\u00edtica se encierra en salones a debatir un nuevo texto constitucional que jam\u00e1s fue exigido por la mayor\u00eda. \u00bfQu\u00e9 buscan? \u00bfA qui\u00e9n representan?<\/strong><\/p>\n<p class=\"\" data-start=\"561\" data-end=\"853\">En medio del ruido, del d\u00f3lar que no se queda quieto, de la inseguridad que gana terreno y de un Estado que se achica para los de abajo pero se agiganta para los de siempre, un grupo de constituyentes se prepara para escribir la \u201cnueva hoja de ruta\u201d del pa\u00eds. \u00bfEl problema? Nadie se la pidi\u00f3.<\/p>\n<p class=\"\" data-start=\"855\" data-end=\"1251\">Lo que comenz\u00f3 como una consigna de campa\u00f1a termin\u00f3 por convertirse en una verdad impuesta: \u201cHay que cambiar la Constituci\u00f3n\u201d. As\u00ed, sin debate profundo, sin un diagn\u00f3stico real, sin una consulta concreta a la ciudadan\u00eda. Porque s\u00ed. Porque es \u201cel camino del progreso\u201d. \u00bfPero de qu\u00e9 progreso hablamos cuando los hospitales colapsan, las escuelas se caen a pedazos y la inflaci\u00f3n se come los sue\u00f1os?<\/p>\n<p class=\"\" data-start=\"1253\" data-end=\"1590\">La escena es casi caricaturesca: slogans vac\u00edos, frases hechas, promesas recicladas y una mesa repleta de nombres que no representan ni la mitad del padr\u00f3n. Un grupo que se arroga la capacidad de redise\u00f1ar el contrato social mientras afuera la gente hace fila para conseguir trabajo, para pagar el alquiler o simplemente para sobrevivir.<\/p>\n<p class=\"\" data-start=\"1592\" data-end=\"1831\">Lo m\u00e1s preocupante no es lo que quieren cambiar, sino lo que no dicen. \u00bfQu\u00e9 hay detr\u00e1s de este apuro? \u00bfQu\u00e9 intereses est\u00e1n en juego? \u00bfQui\u00e9n se beneficia con una Constituci\u00f3n hecha entre pocos, sin calle, sin mandato y sin urgencias reales?<\/p>\n<p class=\"\" data-start=\"1833\" data-end=\"2248\">La Constituci\u00f3n actual \u2014con sus luces y sombras\u2014 nunca fue el obst\u00e1culo para hacer las cosas bien. El problema no es el texto: es la falta de voluntad para cumplirlo. Cambiarlo no solucionar\u00e1 la falta de justicia, de trabajo o de seguridad. Pero s\u00ed servir\u00e1 como excusa para seguir pateando los verdaderos problemas y alimentar la maquinaria discursiva de quienes viven del eterno \u201cproyecto de pa\u00eds\u201d que nunca llega.<\/p>\n<p class=\"\" data-start=\"2250\" data-end=\"2383\">Y mientras tanto, afuera, en la vida real, la gente sigue esperando. No una Constituci\u00f3n nueva. Sino pol\u00edticos que trabajen en serio.<img loading=\"lazy\" decoding=\"async\" class=\" wp-image-4505 alignleft\" src=\"https:\/\/i0.wp.com\/elobservadorsl.com\/wp-content\/uploads\/2025\/04\/la-primera-junta-en-1810-961643.jpg?resize=640%2C360\" alt=\"\" width=\"640\" height=\"360\" srcset=\"https:\/\/i0.wp.com\/elobservadorsl.com\/wp-content\/uploads\/2025\/04\/la-primera-junta-en-1810-961643.jpg?resize=300%2C169&amp;ssl=1 300w, https:\/\/i0.wp.com\/elobservadorsl.com\/wp-content\/uploads\/2025\/04\/la-primera-junta-en-1810-961643.jpg?resize=1024%2C576&amp;ssl=1 1024w, https:\/\/i0.wp.com\/elobservadorsl.com\/wp-content\/uploads\/2025\/04\/la-primera-junta-en-1810-961643.jpg?resize=768%2C432&amp;ssl=1 768w, https:\/\/i0.wp.com\/elobservadorsl.com\/wp-content\/uploads\/2025\/04\/la-primera-junta-en-1810-961643.jpg?w=1280&amp;ssl=1 1280w\" sizes=\"(max-width: 640px) 100vw, 640px\" data-recalc-dims=\"1\" \/><\/p>\n","protected":false},"excerpt":{"rendered":"<p>Esl\u00f3ganes vac\u00edos para cambiar una Constituci\u00f3n que nadie pidi\u00f3 cambiar Mientras el pa\u00eds lidia con&#8230;<\/p>\n","protected":false},"author":9,"featured_media":0,"comment_status":"closed","ping_status":"open","sticky":false,"template":"","format":"standard","meta":{"_jetpack_memberships_contains_paid_content":false,"footnotes":"","jetpack_publicize_message":"","jetpack_publicize_feature_enabled":true,"jetpack_social_post_already_shared":true,"jetpack_social_options":{"image_generator_settings":{"template":"highway","enabled":false}}},"categories":[24],"tags":[],"jetpack_publicize_connections":[],"featured_image_urls":{"full":"","thumbnail":"","medium":"","medium_large":"","large":"","1536x1536":"","2048x2048":"","newsium-slider-full":"","newsium-featured":"","newsium-medium":""},"author_info":{"display_name":"Prensa","author_link":"https:\/\/elobservadorsl.com\/?author=9"},"category_info":"<a href=\"https:\/\/elobservadorsl.com\/?cat=24\" rel=\"category\">Noticias<\/a>","tag_info":"Noticias","comment_count":"0","jetpack_featured_media_url":"","jetpack_sharing_enabled":true,"jetpack_likes_enabled":true,"_links":{"self":[{"href":"https:\/\/elobservadorsl.com\/index.php?rest_route=\/wp\/v2\/posts\/4502"}],"collection":[{"href":"https:\/\/elobservadorsl.com\/index.php?rest_route=\/wp\/v2\/posts"}],"about":[{"href":"https:\/\/elobservadorsl.com\/index.php?rest_route=\/wp\/v2\/types\/post"}],"author":[{"embeddable":true,"href":"https:\/\/elobservadorsl.com\/index.php?rest_route=\/wp\/v2\/users\/9"}],"replies":[{"embeddable":true,"href":"https:\/\/elobservadorsl.com\/index.php?rest_route=%2Fwp%2Fv2%2Fcomments&post=4502"}],"version-history":[{"count":3,"href":"https:\/\/elobservadorsl.com\/index.php?rest_route=\/wp\/v2\/posts\/4502\/revisions"}],"predecessor-version":[{"id":4506,"href":"https:\/\/elobservadorsl.com\/index.php?rest_route=\/wp\/v2\/posts\/4502\/revisions\/4506"}],"wp:attachment":[{"href":"https:\/\/elobservadorsl.com\/index.php?rest_route=%2Fwp%2Fv2%2Fmedia&parent=4502"}],"wp:term":[{"taxonomy":"category","embeddable":true,"href":"https:\/\/elobservadorsl.com\/index.php?rest_route=%2Fwp%2Fv2%2Fcategories&post=4502"},{"taxonomy":"post_tag","embeddable":true,"href":"https:\/\/elobservadorsl.com\/index.php?rest_route=%2Fwp%2Fv2%2Ftags&post=4502"}],"curies":[{"name":"wp","href":"https:\/\/api.w.org\/{rel}","templated":true}]}}