{"id":4470,"date":"2025-03-17T12:18:54","date_gmt":"2025-03-17T15:18:54","guid":{"rendered":"https:\/\/elobservadorsl.com\/?p=4470"},"modified":"2025-03-17T12:25:25","modified_gmt":"2025-03-17T15:25:25","slug":"hola","status":"publish","type":"post","link":"https:\/\/elobservadorsl.com\/?p=4470","title":{"rendered":"El agresivo audio de la abogada de Mauro Icardi sobre La China Su\u00e1rez"},"content":{"rendered":"<p>Volvio el diario<\/p>\n<div class=\"article-body\">\n<p><strong>El\u00a0<a href=\"https:\/\/www.lacapital.com.ar\/mauro-icardi-a1004511.html\" target=\"_blank\" rel=\"follow noopener\" data-mrf-link=\"https:\/\/www.lacapital.com.ar\/mauro-icardi-a1004511.html\">escandalosa y medi\u00e1tica separaci\u00f3n de Wanda Nara y Mauro Icardi<\/a>\u00a0parece no tener fin<\/strong>. El viernes pasado<strong>, el futbolista protagoniz\u00f3 un violento encuentro con su ex pareja y sus hijas\u00a0<\/strong>en el que tuvo que intervenir la polic\u00eda y el servicio de emergencias m\u00e9dicas. Tras el episodio, cuyos detalles circularon r\u00e1pidamente por los medios de comunicaci\u00f3n,<strong>\u00a0las tres abogadas de Icardi decidieron renunciar a su representaci\u00f3n legal.<\/strong><\/p>\n<\/div>\n<div class=\"article-body\">\n<p><strong>Fue \u00c1ngel de Brito quien este s\u00e1bado filtr\u00f3 la informaci\u00f3n sobre la renuncia de Lara Piro, Elba Marcovecchio y Guadalupe Guerrero\u00a0<\/strong><strong>,\u00a0<\/strong>las abogadas que defend\u00edan hasta ahora a Mauro Icardi en su causa judicial y en su separaci\u00f3n con Wanda Nara. Poco tiempo despu\u00e9s se filtr\u00f3 un audio de una de ellas. En ese audio, Lara Piro aconsejaba al futbolista y hablaba pestes de La China Suarez.<\/p>\n<\/div>\n<div class=\"banner-box banner-box--300x100\">\n<div id=\"ad-slot-horizontal_c\" class=\"ad-slot-horizontal_grande ad-slot\" data-adtype=\"horizontal_grande\" data-google-query-id=\"CNjvgNW1kYwDFUdQuAQdNrUUGA\"><\/div>\n<\/div>\n<div class=\"article-body\">\n<p>&nbsp;<\/p>\n<div id=\"ad-slot-inread_a\" class=\"ad-slot-inread ad-slot\" data-adtype=\"inread\" data-google-query-id=\"CNnvgNW1kYwDFUdQuAQdNrUUGA\"><\/div>\n<\/div>\n","protected":false},"excerpt":{"rendered":"<p>Volvio el diario El\u00a0escandalosa y medi\u00e1tica separaci\u00f3n de Wanda Nara y Mauro Icardi\u00a0parece no tener&#8230;<\/p>\n","protected":false},"author":9,"featured_media":0,"comment_status":"closed","ping_status":"open","sticky":false,"template":"","format":"standard","meta":{"_jetpack_memberships_contains_paid_content":false,"footnotes":"","jetpack_publicize_message":"","jetpack_publicize_feature_enabled":true,"jetpack_social_post_already_shared":true,"jetpack_social_options":{"image_generator_settings":{"template":"highway","enabled":false}}},"categories":[24],"tags":[],"jetpack_publicize_connections":[],"featured_image_urls":{"full":"","thumbnail":"","medium":"","medium_large":"","large":"","1536x1536":"","2048x2048":"","newsium-slider-full":"","newsium-featured":"","newsium-medium":""},"author_info":{"display_name":"Prensa","author_link":"https:\/\/elobservadorsl.com\/?author=9"},"category_info":"<a href=\"https:\/\/elobservadorsl.com\/?cat=24\" rel=\"category\">Noticias<\/a>","tag_info":"Noticias","comment_count":"0","jetpack_featured_media_url":"","jetpack_sharing_enabled":true,"jetpack_likes_enabled":true,"_links":{"self":[{"href":"https:\/\/elobservadorsl.com\/index.php?rest_route=\/wp\/v2\/posts\/4470"}],"collection":[{"href":"https:\/\/elobservadorsl.com\/index.php?rest_route=\/wp\/v2\/posts"}],"about":[{"href":"https:\/\/elobservadorsl.com\/index.php?rest_route=\/wp\/v2\/types\/post"}],"author":[{"embeddable":true,"href":"https:\/\/elobservadorsl.com\/index.php?rest_route=\/wp\/v2\/users\/9"}],"replies":[{"embeddable":true,"href":"https:\/\/elobservadorsl.com\/index.php?rest_route=%2Fwp%2Fv2%2Fcomments&post=4470"}],"version-history":[{"count":3,"href":"https:\/\/elobservadorsl.com\/index.php?rest_route=\/wp\/v2\/posts\/4470\/revisions"}],"predecessor-version":[{"id":4473,"href":"https:\/\/elobservadorsl.com\/index.php?rest_route=\/wp\/v2\/posts\/4470\/revisions\/4473"}],"wp:attachment":[{"href":"https:\/\/elobservadorsl.com\/index.php?rest_route=%2Fwp%2Fv2%2Fmedia&parent=4470"}],"wp:term":[{"taxonomy":"category","embeddable":true,"href":"https:\/\/elobservadorsl.com\/index.php?rest_route=%2Fwp%2Fv2%2Fcategories&post=4470"},{"taxonomy":"post_tag","embeddable":true,"href":"https:\/\/elobservadorsl.com\/index.php?rest_route=%2Fwp%2Fv2%2Ftags&post=4470"}],"curies":[{"name":"wp","href":"https:\/\/api.w.org\/{rel}","templated":true}]}}